{"id":1575,"date":"2023-03-30T21:40:49","date_gmt":"2023-03-30T19:40:49","guid":{"rendered":"http:\/\/pabianickipolmaraton.pl\/?p=1575"},"modified":"2023-03-30T21:40:53","modified_gmt":"2023-03-30T19:40:53","slug":"utrudnienia-w-ruchu","status":"publish","type":"post","link":"https:\/\/pabianickipolmaraton.pl\/index.php\/2023\/03\/30\/utrudnienia-w-ruchu\/","title":{"rendered":"UTRUDNIENIA W RUCHU"},"content":{"rendered":"<div class=\"x11i5rnm xat24cr x1mh8g0r x1vvkbs xtlvy1s x126k92a\">\n<div dir=\"auto\">W niedziel\u0119 2 kwietnia 2023 r. odb\u0119dzie si\u0119 XI Pabianicki P\u00f3\u0142maraton oraz Bieg na 5 km.<\/div>\n<\/div>\n<div class=\"x11i5rnm xat24cr x1mh8g0r x1vvkbs xtlvy1s x126k92a\">\n<div dir=\"auto\">Trasa p\u00f3\u0142maratonu: MOSiR \u2013 Kili\u0144skiego \u2013 Grobelna \u2013 Skargi \u2013 Graniczna \u2013 20 Stycznia \u2013 Rydzy\u0144ska \u2013 Rydzyny \u2013 Jadwinin \u2013 Bychlew \u2013 Pabianice: Jutrzkowicka \u2013 Kili\u0144skiego \u2013 MOSiR<\/div>\n<\/div>\n<div class=\"x11i5rnm xat24cr x1mh8g0r x1vvkbs xtlvy1s x126k92a\">\n<div dir=\"auto\">Trasa biegu na 5 km: MOSiR \u2013 Kili\u0144skiego \u2013 Grobelna \u2013 Skargi \u2013 20 Stycznia \u2013 Nawrockiego \u2013 Grota-Roweckiego \u2013 Kili\u0144skiego \u2013 MOSiR<\/div>\n<\/div>\n<div class=\"x11i5rnm xat24cr x1mh8g0r x1vvkbs xtlvy1s x126k92a\">\n<div dir=\"auto\">P\u00f3\u0142maraton i bieg na 5 km rozpoczn\u0105 si\u0119 o godzinie 11:00. W godzinach ok. 11:00 \u2013 11:40 wyst\u0105pi\u0105 utrudnienia w funkcjonowaniu komunikacji miejskiej, natomiast od ok. 9:00 do ok. 14:00 zamkni\u0119ty b\u0119dzie odcinek ulic Kili\u0144skiego i Jutrzkowickiej mi\u0119dzy ulicami Grota-Roweckiego i \u015awietlickiego.<\/div>\n<\/div>\n<div class=\"x11i5rnm xat24cr x1mh8g0r x1vvkbs xtlvy1s x126k92a\">\n<div dir=\"auto\">Zmieni si\u0119 trasa przejazdu autobus\u00f3w linii 265:<\/div>\n<\/div>\n<div class=\"x11i5rnm xat24cr x1mh8g0r x1vvkbs xtlvy1s x126k92a\">\n<div dir=\"auto\">Kurs o 10:25 z Pawlikowic b\u0119dzie wykonywany zmienion\u0105 tras\u0105: z Pawlikowic bez zmian do Bychlewa, dalej: Jutrzkowick\u0105, \u015awietlickiego, Bugaj, Grota-Roweckiego do Kili\u0144skiego i dalej w\u0142a\u015bciw\u0105 tras\u0105 do Dworca PKP<\/div>\n<div dir=\"auto\">Przystanki dodatkowe: \u015awietlickiego \/ Jutrzkowicka, Grota-Roweckiego \/ Kili\u0144skiego<\/div>\n<\/div>\n<div class=\"x11i5rnm xat24cr x1mh8g0r x1vvkbs xtlvy1s x126k92a\">\n<div dir=\"auto\">Kurs o 12:07 z Dworca PKP b\u0119dzie wykonywany zmienion\u0105 tras\u0105: z Dworca PKP bez zmian do \u015bw. Jana, dalej: Kili\u0144skiego, Grota-Roweckiego, Bugaj, \u015awietlickiego do Jutrzkowickiej i dalej w\u0142a\u015bciw\u0105 tras\u0105 do Pawlikowic.<\/div>\n<div dir=\"auto\">Przystanek dodatkowy: Grota-Roweckiego \/ hala sportowa<\/div>\n<div dir=\"auto\">Kurs o 12:35 z Pawlikowic b\u0119dzie wykonywany zmienion\u0105 tras\u0105: przez Terenin, Herman\u00f3w, Pabianice: Sko\u015bn\u0105, Wiejsk\u0105, \u0141ask\u0105 do Dw. PKP<\/div>\n<div dir=\"auto\">Przystanek dodatkowy: Pawlikowice \/<\/div>\n<\/div>\n","protected":false},"excerpt":{"rendered":"<p>W niedziel\u0119 2 kwietnia 2023 r. odb\u0119dzie si\u0119 XI Pabianicki P\u00f3\u0142maraton oraz Bieg na 5 km. Trasa p\u00f3\u0142maratonu: MOSiR \u2013 Kili\u0144skiego \u2013 Grobelna \u2013 Skargi \u2013 Graniczna \u2013 20 Stycznia \u2013 Rydzy\u0144ska \u2013 Rydzyny \u2013 Jadwinin \u2013 Bychlew \u2013 Pabianice: Jutrzkowicka \u2013 Kili\u0144skiego \u2013 MOSiR Trasa biegu na 5 km: MOSiR \u2013 Kili\u0144skiego \u2013 Grobelna [&hellip;]<\/p>\n","protected":false},"author":1,"featured_media":1573,"comment_status":"closed","ping_status":"closed","sticky":false,"template":"","format":"standard","meta":{"footnotes":""},"categories":[1],"tags":[],"class_list":["post-1575","post","type-post","status-publish","format-standard","has-post-thumbnail","hentry","category-bez-kategorii"],"_links":{"self":[{"href":"https:\/\/pabianickipolmaraton.pl\/index.php\/wp-json\/wp\/v2\/posts\/1575","targetHints":{"allow":["GET"]}}],"collection":[{"href":"https:\/\/pabianickipolmaraton.pl\/index.php\/wp-json\/wp\/v2\/posts"}],"about":[{"href":"https:\/\/pabianickipolmaraton.pl\/index.php\/wp-json\/wp\/v2\/types\/post"}],"author":[{"embeddable":true,"href":"https:\/\/pabianickipolmaraton.pl\/index.php\/wp-json\/wp\/v2\/users\/1"}],"replies":[{"embeddable":true,"href":"https:\/\/pabianickipolmaraton.pl\/index.php\/wp-json\/wp\/v2\/comments?post=1575"}],"version-history":[{"count":1,"href":"https:\/\/pabianickipolmaraton.pl\/index.php\/wp-json\/wp\/v2\/posts\/1575\/revisions"}],"predecessor-version":[{"id":1576,"href":"https:\/\/pabianickipolmaraton.pl\/index.php\/wp-json\/wp\/v2\/posts\/1575\/revisions\/1576"}],"wp:featuredmedia":[{"embeddable":true,"href":"https:\/\/pabianickipolmaraton.pl\/index.php\/wp-json\/wp\/v2\/media\/1573"}],"wp:attachment":[{"href":"https:\/\/pabianickipolmaraton.pl\/index.php\/wp-json\/wp\/v2\/media?parent=1575"}],"wp:term":[{"taxonomy":"category","embeddable":true,"href":"https:\/\/pabianickipolmaraton.pl\/index.php\/wp-json\/wp\/v2\/categories?post=1575"},{"taxonomy":"post_tag","embeddable":true,"href":"https:\/\/pabianickipolmaraton.pl\/index.php\/wp-json\/wp\/v2\/tags?post=1575"}],"curies":[{"name":"wp","href":"https:\/\/api.w.org\/{rel}","templated":true}]}}