{"id":1431,"date":"2023-02-14T22:19:06","date_gmt":"2023-02-14T21:19:06","guid":{"rendered":"http:\/\/pabianickipolmaraton.pl\/?p=1431"},"modified":"2023-02-14T22:19:06","modified_gmt":"2023-02-14T21:19:06","slug":"bmw-premium-arena-dobron-napedza-xi-pabianicki-polmaraton","status":"publish","type":"post","link":"https:\/\/pabianickipolmaraton.pl\/index.php\/2023\/02\/14\/bmw-premium-arena-dobron-napedza-xi-pabianicki-polmaraton\/","title":{"rendered":"BMW Premium Arena Dobro\u0144 &#8211; nap\u0119dza XI Pabianicki P\u00f3\u0142maraton"},"content":{"rendered":"<p>I jak my\u015blicie, kto w tym roku poprowadzi XI Pabianicki P\u00f3\u0142maraton? Informujemy, \u017ce oficjalnym Partnerem Motoryzacyjnym XI Pabianickiego P\u00f3\u0142maratonu jest <strong>BMW Premium Arena Dobro\u0144.<\/strong> Samoch\u00f3d BMW b\u0119dzie pilotowa\u0142 tegorocznych uczestnik\u00f3w naszego P\u00f3\u0142maratonu.\u00a0 Do zobaczenia na trasie!<\/p>\n","protected":false},"excerpt":{"rendered":"<p>I jak my\u015blicie, kto w tym roku poprowadzi XI Pabianicki P\u00f3\u0142maraton? Informujemy, \u017ce oficjalnym Partnerem Motoryzacyjnym XI Pabianickiego P\u00f3\u0142maratonu jest BMW Premium Arena Dobro\u0144. Samoch\u00f3d BMW b\u0119dzie pilotowa\u0142 tegorocznych uczestnik\u00f3w naszego P\u00f3\u0142maratonu.\u00a0 Do zobaczenia na trasie!<\/p>\n","protected":false},"author":1,"featured_media":1432,"comment_status":"closed","ping_status":"closed","sticky":false,"template":"","format":"standard","meta":{"footnotes":""},"categories":[1],"tags":[],"class_list":["post-1431","post","type-post","status-publish","format-standard","has-post-thumbnail","hentry","category-bez-kategorii"],"_links":{"self":[{"href":"https:\/\/pabianickipolmaraton.pl\/index.php\/wp-json\/wp\/v2\/posts\/1431","targetHints":{"allow":["GET"]}}],"collection":[{"href":"https:\/\/pabianickipolmaraton.pl\/index.php\/wp-json\/wp\/v2\/posts"}],"about":[{"href":"https:\/\/pabianickipolmaraton.pl\/index.php\/wp-json\/wp\/v2\/types\/post"}],"author":[{"embeddable":true,"href":"https:\/\/pabianickipolmaraton.pl\/index.php\/wp-json\/wp\/v2\/users\/1"}],"replies":[{"embeddable":true,"href":"https:\/\/pabianickipolmaraton.pl\/index.php\/wp-json\/wp\/v2\/comments?post=1431"}],"version-history":[{"count":1,"href":"https:\/\/pabianickipolmaraton.pl\/index.php\/wp-json\/wp\/v2\/posts\/1431\/revisions"}],"predecessor-version":[{"id":1433,"href":"https:\/\/pabianickipolmaraton.pl\/index.php\/wp-json\/wp\/v2\/posts\/1431\/revisions\/1433"}],"wp:featuredmedia":[{"embeddable":true,"href":"https:\/\/pabianickipolmaraton.pl\/index.php\/wp-json\/wp\/v2\/media\/1432"}],"wp:attachment":[{"href":"https:\/\/pabianickipolmaraton.pl\/index.php\/wp-json\/wp\/v2\/media?parent=1431"}],"wp:term":[{"taxonomy":"category","embeddable":true,"href":"https:\/\/pabianickipolmaraton.pl\/index.php\/wp-json\/wp\/v2\/categories?post=1431"},{"taxonomy":"post_tag","embeddable":true,"href":"https:\/\/pabianickipolmaraton.pl\/index.php\/wp-json\/wp\/v2\/tags?post=1431"}],"curies":[{"name":"wp","href":"https:\/\/api.w.org\/{rel}","templated":true}]}}